{"id":36307,"date":"2026-09-03T13:16:49","date_gmt":"2026-09-03T11:16:49","guid":{"rendered":"https:\/\/labrisz.hu\/?p=36307"},"modified":"2026-09-03T13:20:19","modified_gmt":"2026-09-03T11:20:19","slug":"velemeny-a-kozmedia-megujulasa-kapcsan-kezdemenyezett-szakmai-egyezteteshez","status":"publish","type":"post","link":"https:\/\/labrisz.hu\/en\/hirek\/velemeny-a-kozmedia-megujulasa-kapcsan-kezdemenyezett-szakmai-egyezteteshez\/","title":{"rendered":"V\u00e9lem\u00e9ny a k\u00f6zm\u00e9dia meg\u00fajul\u00e1sa kapcs\u00e1n kezdem\u00e9nyezett szakmai egyeztet\u00e9shez"},"content":{"rendered":"<p class=\"wp-block-paragraph\">A Magyar LMBT Sz\u00f6vets\u00e9g, a H\u00e1tt\u00e9r T\u00e1rsas\u00e1g, a Labrisz Leszbikus Egyes\u00fclet, a Mozaik K\u00f6z\u00f6ss\u00e9g, a Prizma K\u00f6z\u00f6ss\u00e9g \u00e9s a Budapest Pride-ot szervez\u0151 Sziv\u00e1rv\u00e1ny Misszi\u00f3 Alap\u00edtv\u00e1ny k\u00f6z\u00f6s v\u00e9lem\u00e9nyt ny\u00fajtott be a k\u00f6zm\u00e9dia \u00faj miniszteri biztosa \u00e1ltal kezdem\u00e9nyezett <a href=\"https:\/\/kormany.hu\/dokumentumtar\/szakmai-egyeztetes-a-kozmedia-megujulasarol\" target=\"_blank\" rel=\"noopener\">szakmai egyeztet\u00e9sre<\/a>. V\u00e9lem\u00e9ny\u00fcnkben kifejtett\u00fck, hogy a k\u00f6zm\u00e9dia kiemelt feladata kell legyen a t\u00e1rsadalmi soksz\u00edn\u0171s\u00e9g bemutat\u00e1sa, az el\u0151\u00edt\u00e9letekt\u0151l \u00e9s h\u00e1tr\u00e1nyos megk\u00fcl\u00f6nb\u00f6ztet\u00e9st\u0151l s\u00fajtott csoportokkal kapcsolatos sztereot\u00edpi\u00e1k old\u00e1sa, a pluralizmus \u00e9s az elfogad\u00e1s \u00e9rt\u00e9keinek hangs\u00falyoz\u00e1sa, a k\u00fcl\u00f6nb\u00f6z\u0151 csoportok egym\u00e1shoz k\u00f6zelebb hoz\u00e1sa, \u00e9s valamennyi t\u00e1rsadalmi csoport \u2013 \u00edgy a szexu\u00e1lis \u00e9s nemi kisebbs\u00e9gek \u2013 kult\u00fara- \u00e9s m\u00e9diafogyaszt\u00e1si sz\u00fcks\u00e9gleteinek \u00e9s ig\u00e9nyeinek kiel\u00e9g\u00edt\u00e9se. A v\u00e9lem\u00e9ny \u00f6sszefoglalja a pozit\u00edv LMBTQI l\u00e1that\u00f3s\u00e1g melletti \u00e9rveket, \u00e1ttekinti a hazai jogi helyzetet \u00e9s kutat\u00e1si eredm\u00e9nyeket, bemutatja a brit, spanyol \u00e9s cseh k\u00f6zm\u00e9dia vonatkoz\u00f3 gyakorlat\u00e1t, valamint javaslatokat fogalmaz meg a jogszab\u00e1lyok \u00e9s int\u00e9zm\u00e9nyi gyakorlatok m\u00f3dos\u00edt\u00e1s\u00e1ra, a tartalomszerkeszt\u00e9si alapelvekre \u00e9s konkr\u00e9t m\u0171sorokra vonatkoz\u00f3an.<\/p>\n\n\n\n<p class=\"wp-block-paragraph\"><strong>A v\u00e9lem\u00e9ny let\u00f6lthet\u0151 <a href=\"https:\/\/labrisz.hu\/wp-content\/uploads\/lmbtszov_tkkm_kozmediakonzult_2026aug.pdf\" target=\"_blank\" rel=\"noopener\">innen<\/a>.<\/strong><\/p>\n\n\n\n<p class=\"wp-block-paragraph\"><\/p>","protected":false},"excerpt":{"rendered":"<p>A Magyar LMBT Sz\u00f6vets\u00e9g, a H\u00e1tt\u00e9r T\u00e1rsas\u00e1g, a Labrisz Leszbikus Egyes\u00fclet, a Mozaik K\u00f6z\u00f6ss\u00e9g, a Prizma K\u00f6z\u00f6ss\u00e9g \u00e9s a Budapest Pride-ot szervez\u0151 Sziv\u00e1rv\u00e1ny Misszi\u00f3 Alap\u00edtv\u00e1ny k\u00f6z\u00f6s v\u00e9lem\u00e9nyt ny\u00fajtott be a k\u00f6zm\u00e9dia \u00faj miniszteri biztosa \u00e1ltal kezdem\u00e9nyezett szakmai egyeztet\u00e9sre. V\u00e9lem\u00e9ny\u00fcnkben kifejtett\u00fck, hogy a k\u00f6zm\u00e9dia kiemelt feladata kell legyen a t\u00e1rsadalmi soksz\u00edn\u0171s\u00e9g bemutat\u00e1sa, az el\u0151\u00edt\u00e9letekt\u0151l \u00e9s h\u00e1tr\u00e1nyos [&hellip;]<\/p>\n","protected":false},"author":3,"featured_media":36308,"comment_status":"closed","ping_status":"closed","sticky":false,"template":"","format":"standard","meta":{"_seopress_titles_title":"","_seopress_titles_desc":"","_seopress_robots_index":"","_seopress_robots_follow":"","_seopress_robots_imageindex":"","_seopress_robots_snippet":"","_seopress_robots_primary_cat":"","_seopress_robots_breadcrumbs":"","_seopress_robots_freeze_modified_date":"","_seopress_robots_custom_modified_date":"","_seopress_robots_canonical":"","_seopress_social_fb_title":"","_seopress_social_fb_desc":"","_seopress_social_fb_img":"","_seopress_social_fb_img_attachment_id":0,"_seopress_social_fb_img_width":0,"_seopress_social_fb_img_height":0,"_seopress_social_twitter_title":"","_seopress_social_twitter_desc":"","_seopress_social_twitter_img":"","_seopress_social_twitter_img_attachment_id":0,"_seopress_social_twitter_img_width":0,"_seopress_social_twitter_img_height":0,"_seopress_redirections_value":"","_seopress_redirections_enabled":"","_seopress_redirections_enabled_regex":"","_seopress_redirections_logged_status":"","_seopress_redirections_param":"","_seopress_redirections_type":0,"_seopress_analysis_target_kw":"","_seopress_news_disabled":"","_seopress_video_disabled":"","_seopress_video":[],"_seopress_pro_schemas_manual":[],"_seopress_pro_rich_snippets_disable_all":"","_seopress_pro_rich_snippets_disable":[],"_seopress_pro_schemas":[],"_et_pb_use_builder":"off","_et_pb_old_content":"","_et_gb_content_width":"","footnotes":""},"categories":[3],"tags":[],"class_list":["post-36307","post","type-post","status-publish","format-standard","has-post-thumbnail","hentry","category-hirek"],"_links":{"self":[{"href":"https:\/\/labrisz.hu\/en\/wp-json\/wp\/v2\/posts\/36307","targetHints":{"allow":["GET"]}}],"collection":[{"href":"https:\/\/labrisz.hu\/en\/wp-json\/wp\/v2\/posts"}],"about":[{"href":"https:\/\/labrisz.hu\/en\/wp-json\/wp\/v2\/types\/post"}],"author":[{"embeddable":true,"href":"https:\/\/labrisz.hu\/en\/wp-json\/wp\/v2\/users\/3"}],"replies":[{"embeddable":true,"href":"https:\/\/labrisz.hu\/en\/wp-json\/wp\/v2\/comments?post=36307"}],"version-history":[{"count":3,"href":"https:\/\/labrisz.hu\/en\/wp-json\/wp\/v2\/posts\/36307\/revisions"}],"predecessor-version":[{"id":36311,"href":"https:\/\/labrisz.hu\/en\/wp-json\/wp\/v2\/posts\/36307\/revisions\/36311"}],"wp:featuredmedia":[{"embeddable":true,"href":"https:\/\/labrisz.hu\/en\/wp-json\/wp\/v2\/media\/36308"}],"wp:attachment":[{"href":"https:\/\/labrisz.hu\/en\/wp-json\/wp\/v2\/media?parent=36307"}],"wp:term":[{"taxonomy":"category","embeddable":true,"href":"https:\/\/labrisz.hu\/en\/wp-json\/wp\/v2\/categories?post=36307"},{"taxonomy":"post_tag","embeddable":true,"href":"https:\/\/labrisz.hu\/en\/wp-json\/wp\/v2\/tags?post=36307"}],"curies":[{"name":"wp","href":"https:\/\/api.w.org\/{rel}","templated":true}]}}